{"id":4583,"date":"2012-02-17T08:06:12","date_gmt":"2012-02-17T07:06:12","guid":{"rendered":"http:\/\/fotoefornelli.com\/?p=4583"},"modified":"2012-02-17T08:14:26","modified_gmt":"2012-02-17T07:14:26","slug":"duello-fra-torte-di-mele","status":"publish","type":"post","link":"https:\/\/fotoefornelli.com\/de\/2012\/02\/duello-fra-torte-di-mele\/","title":{"rendered":"Apfelkuchen-Duell"},"content":{"rendered":"<p><\/p>\n<p><a href=\"http:\/\/fotoefornelli.com\/wp-content\/uploads\/2012\/02\/Torta-di-mele-e-ricotta-deutsch.jpg\"><img loading=\"lazy\" decoding=\"async\" class=\"aligncenter size-full wp-image-4582\" title=\"Torta di mele e ricotta deutsch\" src=\"http:\/\/fotoefornelli.com\/wp-content\/uploads\/2012\/02\/Torta-di-mele-e-ricotta-deutsch.jpg\" alt=\"\" width=\"500\" height=\"750\" srcset=\"https:\/\/fotoefornelli.com\/wp-content\/uploads\/2012\/02\/Torta-di-mele-e-ricotta-deutsch.jpg 500w, https:\/\/fotoefornelli.com\/wp-content\/uploads\/2012\/02\/Torta-di-mele-e-ricotta-deutsch-200x300.jpg 200w\" sizes=\"auto, (max-width: 500px) 100vw, 500px\" \/><\/a><\/p>\n<p>Bis jetzt war DER Apfelkuchen bei uns zu Hause <strong><a href=\"http:\/\/fotoefornelli.com\/de\/2010\/11\/torta-di-mele-streusel-della-mamma\/\">dieser Streuselkuchen<\/a><\/strong>. Er ist sogar ein kleiner Star geworden, denn er hat es auf die <strong><a href=\"http:\/\/www.guidotommasi.it\/ultimi-nati\/torte-di-mele\/#more-2015\">Titelseite <\/a><\/strong>des neuen Apfelkuchenbuchs meiner lieben Blogger-Freunde von <strong><a href=\"http:\/\/lacucinadicalycanthus.net\/\">La cucina di Calycanthus<\/a><\/strong> geschafft. Ich habe das Buch meiner Mutter zu Weihnachten geschenkt und sie ist ganz stolz, da\u00df sie darin namentlich erw\u00e4hnt wird (das Buch wird jedem gezeigt, der zu uns nach Hause kommt!). Sie hat in der Zwischenzeit ein anderes Rezept aus dem Buch ausprobiert und der hat den anderen vorl\u00e4ufig vom Thron geschubst. Sie hat ihn schon mehrmals nachgebacken und Freunde und Nachbarn haben ihn f\u00fcr super lecker befunden. Also musste ich ihn auch ausprobieren. So habe ich mir das Rezept am Telefon diktieren lassen und gleich nachgebacken. Er ist wunderbar saftig, ist schnell gemacht und h\u00e4lt sich auch ein paar Tage frisch. Der kommt auch in meine Kuchen Top-Ten :-)<!--more--><\/p>\n<p>Zutaten f\u00fcr eine 24 cm-Springform<\/p>\n<ul>\n<li>250 g Ricottak\u00e4se<\/li>\n<li>200 g\u00a0 Mehl<\/li>\n<li>50 g feine Speisest\u00e4rke<\/li>\n<li>150 g Zucker<\/li>\n<li>3 Eier<\/li>\n<li>1 Pck. Backpulver<\/li>\n<li>3 \u00c4pfel<\/li>\n<li>Saft einer 1\/2 Zitrone<\/li>\n<li>2 EL Rosinen<\/li>\n<\/ul>\n<p>Die \u00c4pfel sch\u00e4len, entkernen und in kleine St\u00fccke schneiden. Die Apfelst\u00fccke und die Rosinen mit dem Zitronensaft betr\u00e4ufeln. In einer Sch\u00fcssel den Ricottak\u00e4se mit dem Zucker schlagen. Eigelbe, Mehl, Speisest\u00e4rke und Backpulver hinzugeben und zu einem glatten Teig vermengen. Apfelst\u00fccke und Rosinen untermischen. Zum Schluss den steifgeschlagenen Eiweiss der drei Eier vorsichtig unterheben. Den Teig in eine gefettete Springform geben und glattstreichen. Im vorgeheizten Ofen bei 180\u00b0C circa 45-50 Minuten backen. Mit einem Zahnstocher die Garprobe machen. Erkalten lassen und mit Puderzucker best\u00e4uben.<\/p>\n<p>Quelle: Torte di mele, La cucina di Calycanthus, Guido Tommasi Editore<\/p>\n<p><a href=\"http:\/\/fotoefornelli.com\/wp-content\/uploads\/2012\/02\/torta-di-mele-collage.jpg\"><img loading=\"lazy\" decoding=\"async\" class=\"aligncenter size-full wp-image-4581\" title=\"torta di mele collage\" src=\"http:\/\/fotoefornelli.com\/wp-content\/uploads\/2012\/02\/torta-di-mele-collage.jpg\" alt=\"\" width=\"500\" height=\"750\" srcset=\"https:\/\/fotoefornelli.com\/wp-content\/uploads\/2012\/02\/torta-di-mele-collage.jpg 500w, https:\/\/fotoefornelli.com\/wp-content\/uploads\/2012\/02\/torta-di-mele-collage-200x300.jpg 200w\" sizes=\"auto, (max-width: 500px) 100vw, 500px\" \/><\/a><\/p>\n<p><\/p>","protected":false},"excerpt":{"rendered":"<p>Bis jetzt war DER Apfelkuchen bei uns zu Hause dieser Streuselkuchen. Er ist sogar ein kleiner Star geworden, denn er hat es auf die Titelseite des neuen Apfelkuchenbuchs meiner lieben Blogger-Freunde von La cucina di Calycanthus geschafft. Ich habe das Buch meiner Mutter zu Weihnachten geschenkt und sie ist ganz stolz, da\u00df sie darin namentlich [&hellip;]<\/p>\n","protected":false},"author":1,"featured_media":0,"comment_status":"open","ping_status":"closed","sticky":false,"template":"","format":"standard","meta":{"jetpack_post_was_ever_published":false,"_jetpack_newsletter_access":"","_jetpack_dont_email_post_to_subs":false,"_jetpack_newsletter_tier_id":0,"_jetpack_memberships_contains_paywalled_content":false,"_jetpack_memberships_contains_paid_content":false,"footnotes":"","jetpack_publicize_message":"","jetpack_publicize_feature_enabled":true,"jetpack_social_post_already_shared":false,"jetpack_social_options":{"image_generator_settings":{"template":"highway","default_image_id":0,"font":"","enabled":false},"version":2}},"categories":[65],"tags":[],"class_list":["post-4583","post","type-post","status-publish","format-standard","hentry","category-torte-tarte-e-crostate"],"aioseo_notices":[],"jetpack_publicize_connections":[],"jetpack_featured_media_url":"","jetpack_sharing_enabled":true,"jetpack_shortlink":"https:\/\/wp.me\/pRpOY-1bV","_links":{"self":[{"href":"https:\/\/fotoefornelli.com\/de\/wp-json\/wp\/v2\/posts\/4583","targetHints":{"allow":["GET"]}}],"collection":[{"href":"https:\/\/fotoefornelli.com\/de\/wp-json\/wp\/v2\/posts"}],"about":[{"href":"https:\/\/fotoefornelli.com\/de\/wp-json\/wp\/v2\/types\/post"}],"author":[{"embeddable":true,"href":"https:\/\/fotoefornelli.com\/de\/wp-json\/wp\/v2\/users\/1"}],"replies":[{"embeddable":true,"href":"https:\/\/fotoefornelli.com\/de\/wp-json\/wp\/v2\/comments?post=4583"}],"version-history":[{"count":0,"href":"https:\/\/fotoefornelli.com\/de\/wp-json\/wp\/v2\/posts\/4583\/revisions"}],"wp:attachment":[{"href":"https:\/\/fotoefornelli.com\/de\/wp-json\/wp\/v2\/media?parent=4583"}],"wp:term":[{"taxonomy":"category","embeddable":true,"href":"https:\/\/fotoefornelli.com\/de\/wp-json\/wp\/v2\/categories?post=4583"},{"taxonomy":"post_tag","embeddable":true,"href":"https:\/\/fotoefornelli.com\/de\/wp-json\/wp\/v2\/tags?post=4583"}],"curies":[{"name":"wp","href":"https:\/\/api.w.org\/{rel}","templated":true}]}}