{"id":5616,"date":"2014-02-10T16:57:23","date_gmt":"2014-02-10T15:57:23","guid":{"rendered":"http:\/\/fotoefornelli.com\/?p=5616"},"modified":"2014-02-10T16:57:23","modified_gmt":"2014-02-10T15:57:23","slug":"pasta-canciova-e-muddica","status":"publish","type":"post","link":"https:\/\/fotoefornelli.com\/de\/2014\/02\/pasta-canciova-e-muddica\/","title":{"rendered":"Pasta c&#8217;anciova &#8211; ein sizilianisches Gericht"},"content":{"rendered":"<p><a href=\"http:\/\/fotoefornelli.com\/wp-content\/uploads\/2014\/02\/spaghetti-ca-muddica1.jpg\"><img loading=\"lazy\" decoding=\"async\" class=\"aligncenter size-full wp-image-5617\" title=\"spaghetti-ca-muddica1\" src=\"http:\/\/fotoefornelli.com\/wp-content\/uploads\/2014\/02\/spaghetti-ca-muddica1.jpg\" alt=\"\" width=\"550\" height=\"825\" srcset=\"https:\/\/fotoefornelli.com\/wp-content\/uploads\/2014\/02\/spaghetti-ca-muddica1.jpg 550w, https:\/\/fotoefornelli.com\/wp-content\/uploads\/2014\/02\/spaghetti-ca-muddica1-200x300.jpg 200w\" sizes=\"auto, (max-width: 550px) 100vw, 550px\" \/><\/a><\/p>\n<p style=\"text-align: left;\">Es ist an der Zeit, diesen Blog wieder mit leckeren Rezepten zu f\u00fcllen, das kann so nicht weitergehen :-) Vor vielen Jahren habe ich auf dem Blog einer ganz lieben italienischen Bloggerin dieses sizilianische Gericht entdeckt, das ihre Mutter so toll zubereitet. Seitdem habe ich es unz\u00e4hlige Male nachgekocht, vor allem wenn ich meiner Seele etwas richtig Gutes tun wollte, denn das ist Comfortfood pur. Allerdings habe ich gemerkt, dass ich das Rezept nie gepostet habe. Schlecht, sehr schlecht! Es ist eine sehr spezielle Kombination aus Sardellen, Pinienkernen und Rosinen, das ganze nat\u00fcrlich mit Tomatensosse, aber der Clou ist das &#8222;Topping&#8220; aus ger\u00f6stetem Paniermehl, das praktisch statt Parmesan verwendet wird. Ich liebe diese Mischung und rate Euch, diese Pasta so schnell wie m\u00f6glich zu probieren. Suchtfaktor sehr hoch! Diesmal habe ich auch die Nudeln von <strong><a href=\"http:\/\/www.legalundlecker.de\/index.php?manufacturers_id=1\">Libera Terra<\/a><\/strong> verwendet, die wirklich ausgesprochen lecker sind. Probiert und sagt mir, ob es was f\u00fcr Euren Geschmack ist :-)<!--more--><\/p>\n<blockquote><p>Zutaten f\u00fcr ca. 3 Personen<\/p>\n<ul>\n<li>300 g Spaghetti<\/li>\n<li>5 eingelegte Sardellenfilets<\/li>\n<li>1 kleine Knoblauchzehe<\/li>\n<li>400 g passierte Tomaten<\/li>\n<li>ca. 5 EL Oliven\u00f6l<\/li>\n<li>10 g Pinienkerne<\/li>\n<li>10 g Rosinen<\/li>\n<\/ul>\n<div>\n<p>F\u00fcr das Topping<\/p>\n<ul>\n<li>50 g Paniermehl<\/li>\n<li>1 EL Oliven\u00f6l<\/li>\n<li>1 Prise Zucker<\/li>\n<\/ul>\n<\/div>\n<p>Die Sardellenfilets mit dem Oliven\u00f6l in einer Pfanne schmelzen lassen. Die Knoblauchzehe in d\u00fcnne Scheiben schneiden und hinzugeben, ohne dass sie zu dunkel werden.\u00a0 Rosinen und Pinienkerne dazugeben und kurz umr\u00fchren. Passierte Tomaten und ein Schluck Wasser hinzuf\u00fcgen und bei schwacher Hitze k\u00f6cheln lassen. F\u00fcr das Topping das Paniermehl in einer beschichteten kleinen Pfanne bei mittlerer Hitze erhitzen, bis es eine orangene Farbe annimmt. Dabei st\u00e4ndig r\u00fchren und aufpassen, dass es nicht anbrennt. Zum Schluss das Oliven\u00f6l und eine Prise Zucker unterr\u00fchren. Die Spaghetti al dente kochen, mit der So\u00dfe vermischen und das Paniermehl dar\u00fcbergeben.<\/p>\n<p>Quelle: <strong><a href=\"http:\/\/www.cosatipreparopercena.com\/2008\/03\/la-mamma-sempre-la-mamma.html\">Cosa ti preparo per cena<\/a><\/strong>.<\/p><\/blockquote>\n<p><a href=\"http:\/\/fotoefornelli.com\/wp-content\/uploads\/2014\/02\/spaghetti-ca-muddica.jpg\"><img loading=\"lazy\" decoding=\"async\" class=\"aligncenter size-full wp-image-5618\" title=\"spaghetti-ca-muddica\" src=\"http:\/\/fotoefornelli.com\/wp-content\/uploads\/2014\/02\/spaghetti-ca-muddica.jpg\" alt=\"\" width=\"550\" height=\"825\" srcset=\"https:\/\/fotoefornelli.com\/wp-content\/uploads\/2014\/02\/spaghetti-ca-muddica.jpg 550w, https:\/\/fotoefornelli.com\/wp-content\/uploads\/2014\/02\/spaghetti-ca-muddica-200x300.jpg 200w\" sizes=\"auto, (max-width: 550px) 100vw, 550px\" \/><\/a><\/p>\n<p><\/p>","protected":false},"excerpt":{"rendered":"<p>Es ist an der Zeit, diesen Blog wieder mit leckeren Rezepten zu f\u00fcllen, das kann so nicht weitergehen :-) Vor vielen Jahren habe ich auf dem Blog einer ganz lieben italienischen Bloggerin dieses sizilianische Gericht entdeckt, das ihre Mutter so toll zubereitet. Seitdem habe ich es unz\u00e4hlige Male nachgekocht, vor allem wenn ich meiner Seele [&hellip;]<\/p>\n","protected":false},"author":1,"featured_media":0,"comment_status":"open","ping_status":"closed","sticky":false,"template":"","format":"standard","meta":{"jetpack_post_was_ever_published":false,"_jetpack_newsletter_access":"","_jetpack_dont_email_post_to_subs":false,"_jetpack_newsletter_tier_id":0,"_jetpack_memberships_contains_paywalled_content":false,"_jetpack_memberships_contains_paid_content":false,"footnotes":"","jetpack_publicize_message":"","jetpack_publicize_feature_enabled":true,"jetpack_social_post_already_shared":false,"jetpack_social_options":{"image_generator_settings":{"template":"highway","default_image_id":0,"font":"","enabled":false},"version":2}},"categories":[59],"tags":[137],"class_list":["post-5616","post","type-post","status-publish","format-standard","hentry","category-pasta","tag-cucina-regionale-italiana"],"aioseo_notices":[],"jetpack_publicize_connections":[],"jetpack_featured_media_url":"","jetpack_sharing_enabled":true,"jetpack_shortlink":"https:\/\/wp.me\/pRpOY-1sA","_links":{"self":[{"href":"https:\/\/fotoefornelli.com\/de\/wp-json\/wp\/v2\/posts\/5616","targetHints":{"allow":["GET"]}}],"collection":[{"href":"https:\/\/fotoefornelli.com\/de\/wp-json\/wp\/v2\/posts"}],"about":[{"href":"https:\/\/fotoefornelli.com\/de\/wp-json\/wp\/v2\/types\/post"}],"author":[{"embeddable":true,"href":"https:\/\/fotoefornelli.com\/de\/wp-json\/wp\/v2\/users\/1"}],"replies":[{"embeddable":true,"href":"https:\/\/fotoefornelli.com\/de\/wp-json\/wp\/v2\/comments?post=5616"}],"version-history":[{"count":0,"href":"https:\/\/fotoefornelli.com\/de\/wp-json\/wp\/v2\/posts\/5616\/revisions"}],"wp:attachment":[{"href":"https:\/\/fotoefornelli.com\/de\/wp-json\/wp\/v2\/media?parent=5616"}],"wp:term":[{"taxonomy":"category","embeddable":true,"href":"https:\/\/fotoefornelli.com\/de\/wp-json\/wp\/v2\/categories?post=5616"},{"taxonomy":"post_tag","embeddable":true,"href":"https:\/\/fotoefornelli.com\/de\/wp-json\/wp\/v2\/tags?post=5616"}],"curies":[{"name":"wp","href":"https:\/\/api.w.org\/{rel}","templated":true}]}}